{"id":2840,"date":"2024-02-11T11:18:04","date_gmt":"2024-02-11T09:18:04","guid":{"rendered":"https:\/\/nicolematteoni.it\/?p=2840"},"modified":"2024-03-20T17:58:45","modified_gmt":"2024-03-20T15:58:45","slug":"matteoni-fdi-giorno-del-ricordo-ancora-una-volta-omerta-da-elly-schlein-e-giuseppe-conte","status":"publish","type":"post","link":"https:\/\/nicolematteoni.it\/index.php\/2024\/02\/11\/matteoni-fdi-giorno-del-ricordo-ancora-una-volta-omerta-da-elly-schlein-e-giuseppe-conte\/","title":{"rendered":"Matteoni (FdI): Giorno del Ricordo, ancora una volta omert\u00e0 da Elly Schlein e Giuseppe Conte"},"content":{"rendered":"<div>Ancora una volta la sinistra italiana rimane in silenzio davanti al Giorno del Ricordo, davanti ai martiri delle foibe e a tutte quelle persone che sono dovute scappare dalla terra natia per il semplice fatto di essere e sentirsi italiani.<\/div>\n<div><\/div>\n<div>Elly Schlein e Giuseppe Conte hanno dimostrato ancora una volta che quel muro di omert\u00e0 costruito negli anni dalla sinistra italiana \u00e8 ancora in piedi, anche davanti alla condanna del Presidente della Repubblica Sergio Mattarella.<\/div>\n<div><\/div>\n<div>Silenzio e ancora silenzio. Forse perch\u00e9 la verit\u00e0 storica fa male? Forse perch\u00e9 nel loro elettorato c\u2019\u00e8 ancora una forte frangia negazionista che domina il pensiero della sinistra italiana?<\/div>\n<div><\/div>\n<div>Sarebbe opportuno dunque che Elly Schlein e Giuseppe Conte andassero a visitare il Treno del Ricordo, inaugurato ieri da Giorgia Meloni e di venire a Basovizza per capire che cosa i loro \u201cleader e pensatori del passato\u201d hanno occultato e etichettato come \u201cfascisti\u201d quando invece erano madri e padri di famiglia, bambini e bambine, senza colpa, o forse s\u00ec, quella di essere italiani.<\/div>\n<div><\/div>\n<div>Cos\u00ec commenta l\u2019On. Nicole Matteoni, deputata triestina di Fratelli d\u2019Italia<\/div>\n","protected":false},"excerpt":{"rendered":"<p>Ancora una volta la sinistra italiana rimane in silenzio davanti al Giorno del Ricordo, davanti ai martiri delle foibe e a tutte quelle persone che sono dovute scappare dalla terra [&hellip;]<\/p>\n","protected":false},"author":4,"featured_media":2841,"comment_status":"closed","ping_status":"closed","sticky":false,"template":"","format":"standard","meta":{"footnotes":""},"categories":[278,54],"tags":[298,60,88,62],"class_list":["post-2840","post","type-post","status-publish","format-standard","has-post-thumbnail","hentry","category-278","category-matteoni-trieste","tag-elly-schlein","tag-fratelli-ditalia","tag-giorno-del-ricordo","tag-nicole-matteoni"],"yoast_head":"<!-- This site is optimized with the Yoast SEO plugin v26.9 - https:\/\/yoast.com\/product\/yoast-seo-wordpress\/ -->\n<title>Matteoni (FdI): Giorno del Ricordo, ancora una volta omert\u00e0 da Elly Schlein e Giuseppe Conte - Nicole Matteoni<\/title>\n<meta name=\"description\" content=\"Ancora una volta la sinistra italiana rimane in silenzio davanti al Giorno del Ricordo, davanti ai martiri delle foibe\" \/>\n<meta name=\"robots\" content=\"index, follow, max-snippet:-1, max-image-preview:large, max-video-preview:-1\" \/>\n<link rel=\"canonical\" href=\"https:\/\/nicolematteoni.it\/index.php\/2024\/02\/11\/matteoni-fdi-giorno-del-ricordo-ancora-una-volta-omerta-da-elly-schlein-e-giuseppe-conte\/\" \/>\n<meta property=\"og:locale\" content=\"it_IT\" \/>\n<meta property=\"og:type\" content=\"article\" \/>\n<meta property=\"og:title\" content=\"Matteoni (FdI): Giorno del Ricordo, ancora una volta omert\u00e0 da Elly Schlein e Giuseppe Conte - Nicole Matteoni\" \/>\n<meta property=\"og:description\" content=\"Ancora una volta la sinistra italiana rimane in silenzio davanti al Giorno del Ricordo, davanti ai martiri delle foibe\" \/>\n<meta property=\"og:url\" content=\"https:\/\/nicolematteoni.it\/index.php\/2024\/02\/11\/matteoni-fdi-giorno-del-ricordo-ancora-una-volta-omerta-da-elly-schlein-e-giuseppe-conte\/\" \/>\n<meta property=\"og:site_name\" content=\"Nicole Matteoni\" \/>\n<meta property=\"article:publisher\" content=\"https:\/\/www.facebook.com\/nmatteoni\" \/>\n<meta property=\"article:published_time\" content=\"2024-02-11T09:18:04+00:00\" \/>\n<meta property=\"article:modified_time\" content=\"2024-03-20T15:58:45+00:00\" \/>\n<meta property=\"og:image\" content=\"https:\/\/nicolematteoni.it\/wp-content\/uploads\/2024\/02\/triesteallnews-foiba-basovizza-febbraio-2020-4672.jpg\" \/>\n\t<meta property=\"og:image:width\" content=\"1024\" \/>\n\t<meta property=\"og:image:height\" content=\"683\" \/>\n\t<meta property=\"og:image:type\" content=\"image\/jpeg\" \/>\n<meta name=\"author\" content=\"Maria Beatrice Rizzo\" \/>\n<meta name=\"twitter:card\" content=\"summary_large_image\" \/>\n<meta name=\"twitter:label1\" content=\"Scritto da\" \/>\n\t<meta name=\"twitter:data1\" content=\"Maria Beatrice Rizzo\" \/>\n\t<meta name=\"twitter:label2\" content=\"Tempo di lettura stimato\" \/>\n\t<meta name=\"twitter:data2\" content=\"1 minuto\" \/>\n<script type=\"application\/ld+json\" class=\"yoast-schema-graph\">{\"@context\":\"https:\/\/schema.org\",\"@graph\":[{\"@type\":\"Article\",\"@id\":\"https:\/\/nicolematteoni.it\/index.php\/2024\/02\/11\/matteoni-fdi-giorno-del-ricordo-ancora-una-volta-omerta-da-elly-schlein-e-giuseppe-conte\/#article\",\"isPartOf\":{\"@id\":\"https:\/\/nicolematteoni.it\/index.php\/2024\/02\/11\/matteoni-fdi-giorno-del-ricordo-ancora-una-volta-omerta-da-elly-schlein-e-giuseppe-conte\/\"},\"author\":{\"name\":\"Maria Beatrice Rizzo\",\"@id\":\"https:\/\/nicolematteoni.it\/#\/schema\/person\/2afb5d3343dc6a8581e06bf07f710178\"},\"headline\":\"Matteoni (FdI): Giorno del Ricordo, ancora una volta omert\u00e0 da Elly Schlein e Giuseppe Conte\",\"datePublished\":\"2024-02-11T09:18:04+00:00\",\"dateModified\":\"2024-03-20T15:58:45+00:00\",\"mainEntityOfPage\":{\"@id\":\"https:\/\/nicolematteoni.it\/index.php\/2024\/02\/11\/matteoni-fdi-giorno-del-ricordo-ancora-una-volta-omerta-da-elly-schlein-e-giuseppe-conte\/\"},\"wordCount\":193,\"publisher\":{\"@id\":\"https:\/\/nicolematteoni.it\/#\/schema\/person\/1720731d753b3bd9a8b2da07865f83ca\"},\"image\":{\"@id\":\"https:\/\/nicolematteoni.it\/index.php\/2024\/02\/11\/matteoni-fdi-giorno-del-ricordo-ancora-una-volta-omerta-da-elly-schlein-e-giuseppe-conte\/#primaryimage\"},\"thumbnailUrl\":\"https:\/\/nicolematteoni.it\/wp-content\/uploads\/2024\/02\/triesteallnews-foiba-basovizza-febbraio-2020-4672.jpg\",\"keywords\":[\"Elly Schlein\",\"fratelli d'italia\",\"giorno del ricordo\",\"nicole matteoni\"],\"articleSection\":[\"2024\",\"Trieste\"],\"inLanguage\":\"it-IT\"},{\"@type\":\"WebPage\",\"@id\":\"https:\/\/nicolematteoni.it\/index.php\/2024\/02\/11\/matteoni-fdi-giorno-del-ricordo-ancora-una-volta-omerta-da-elly-schlein-e-giuseppe-conte\/\",\"url\":\"https:\/\/nicolematteoni.it\/index.php\/2024\/02\/11\/matteoni-fdi-giorno-del-ricordo-ancora-una-volta-omerta-da-elly-schlein-e-giuseppe-conte\/\",\"name\":\"Matteoni (FdI): Giorno del Ricordo, ancora una volta omert\u00e0 da Elly Schlein e Giuseppe Conte - Nicole Matteoni\",\"isPartOf\":{\"@id\":\"https:\/\/nicolematteoni.it\/#website\"},\"primaryImageOfPage\":{\"@id\":\"https:\/\/nicolematteoni.it\/index.php\/2024\/02\/11\/matteoni-fdi-giorno-del-ricordo-ancora-una-volta-omerta-da-elly-schlein-e-giuseppe-conte\/#primaryimage\"},\"image\":{\"@id\":\"https:\/\/nicolematteoni.it\/index.php\/2024\/02\/11\/matteoni-fdi-giorno-del-ricordo-ancora-una-volta-omerta-da-elly-schlein-e-giuseppe-conte\/#primaryimage\"},\"thumbnailUrl\":\"https:\/\/nicolematteoni.it\/wp-content\/uploads\/2024\/02\/triesteallnews-foiba-basovizza-febbraio-2020-4672.jpg\",\"datePublished\":\"2024-02-11T09:18:04+00:00\",\"dateModified\":\"2024-03-20T15:58:45+00:00\",\"description\":\"Ancora una volta la sinistra italiana rimane in silenzio davanti al Giorno del Ricordo, davanti ai martiri delle foibe\",\"breadcrumb\":{\"@id\":\"https:\/\/nicolematteoni.it\/index.php\/2024\/02\/11\/matteoni-fdi-giorno-del-ricordo-ancora-una-volta-omerta-da-elly-schlein-e-giuseppe-conte\/#breadcrumb\"},\"inLanguage\":\"it-IT\",\"potentialAction\":[{\"@type\":\"ReadAction\",\"target\":[\"https:\/\/nicolematteoni.it\/index.php\/2024\/02\/11\/matteoni-fdi-giorno-del-ricordo-ancora-una-volta-omerta-da-elly-schlein-e-giuseppe-conte\/\"]}]},{\"@type\":\"ImageObject\",\"inLanguage\":\"it-IT\",\"@id\":\"https:\/\/nicolematteoni.it\/index.php\/2024\/02\/11\/matteoni-fdi-giorno-del-ricordo-ancora-una-volta-omerta-da-elly-schlein-e-giuseppe-conte\/#primaryimage\",\"url\":\"https:\/\/nicolematteoni.it\/wp-content\/uploads\/2024\/02\/triesteallnews-foiba-basovizza-febbraio-2020-4672.jpg\",\"contentUrl\":\"https:\/\/nicolematteoni.it\/wp-content\/uploads\/2024\/02\/triesteallnews-foiba-basovizza-febbraio-2020-4672.jpg\",\"width\":1024,\"height\":683},{\"@type\":\"BreadcrumbList\",\"@id\":\"https:\/\/nicolematteoni.it\/index.php\/2024\/02\/11\/matteoni-fdi-giorno-del-ricordo-ancora-una-volta-omerta-da-elly-schlein-e-giuseppe-conte\/#breadcrumb\",\"itemListElement\":[{\"@type\":\"ListItem\",\"position\":1,\"name\":\"Home\",\"item\":\"https:\/\/nicolematteoni.it\/\"},{\"@type\":\"ListItem\",\"position\":2,\"name\":\"Matteoni (FdI): Giorno del Ricordo, ancora una volta omert\u00e0 da Elly Schlein e Giuseppe Conte\"}]},{\"@type\":\"WebSite\",\"@id\":\"https:\/\/nicolematteoni.it\/#website\",\"url\":\"https:\/\/nicolematteoni.it\/\",\"name\":\"Nicole Matteoni\",\"description\":\"Assessore politiche della famiglia e dell&#039;educazione del Comune di Trieste\",\"publisher\":{\"@id\":\"https:\/\/nicolematteoni.it\/#\/schema\/person\/1720731d753b3bd9a8b2da07865f83ca\"},\"potentialAction\":[{\"@type\":\"SearchAction\",\"target\":{\"@type\":\"EntryPoint\",\"urlTemplate\":\"https:\/\/nicolematteoni.it\/?s={search_term_string}\"},\"query-input\":{\"@type\":\"PropertyValueSpecification\",\"valueRequired\":true,\"valueName\":\"search_term_string\"}}],\"inLanguage\":\"it-IT\"},{\"@type\":[\"Person\",\"Organization\"],\"@id\":\"https:\/\/nicolematteoni.it\/#\/schema\/person\/1720731d753b3bd9a8b2da07865f83ca\",\"name\":\"Nicole Matteoni\",\"image\":{\"@type\":\"ImageObject\",\"inLanguage\":\"it-IT\",\"@id\":\"https:\/\/nicolematteoni.it\/#\/schema\/person\/image\/\",\"url\":\"https:\/\/nicolematteoni.it\/wp-content\/uploads\/2023\/05\/matteoni-avt.jpg\",\"contentUrl\":\"https:\/\/nicolematteoni.it\/wp-content\/uploads\/2023\/05\/matteoni-avt.jpg\",\"width\":550,\"height\":550,\"caption\":\"Nicole Matteoni\"},\"logo\":{\"@id\":\"https:\/\/nicolematteoni.it\/#\/schema\/person\/image\/\"},\"sameAs\":[\"https:\/\/www.nicolematteoni.it\",\"https:\/\/www.facebook.com\/nmatteoni\",\"https:\/\/www.instagram.com\/nicole_matteoni_fdi\/\",\"https:\/\/www.youtube.com\/channel\/UCkMnVzyM3AZbWraaOKCvWDQ\"]},{\"@type\":\"Person\",\"@id\":\"https:\/\/nicolematteoni.it\/#\/schema\/person\/2afb5d3343dc6a8581e06bf07f710178\",\"name\":\"Maria Beatrice Rizzo\",\"image\":{\"@type\":\"ImageObject\",\"inLanguage\":\"it-IT\",\"@id\":\"https:\/\/nicolematteoni.it\/#\/schema\/person\/image\/\",\"url\":\"https:\/\/secure.gravatar.com\/avatar\/f3d6c99c10a9f4120f83cad2f9ce0c56bd90b125fc68db9932241975c822235e?s=96&d=mm&r=g\",\"contentUrl\":\"https:\/\/secure.gravatar.com\/avatar\/f3d6c99c10a9f4120f83cad2f9ce0c56bd90b125fc68db9932241975c822235e?s=96&d=mm&r=g\",\"caption\":\"Maria Beatrice Rizzo\"},\"sameAs\":[\"http:\/\/www.mediaimmagine.it\"],\"url\":\"https:\/\/nicolematteoni.it\/index.php\/author\/beatricerizzo\/\"}]}<\/script>\n<!-- \/ Yoast SEO plugin. -->","yoast_head_json":{"title":"Matteoni (FdI): Giorno del Ricordo, ancora una volta omert\u00e0 da Elly Schlein e Giuseppe Conte - Nicole Matteoni","description":"Ancora una volta la sinistra italiana rimane in silenzio davanti al Giorno del Ricordo, davanti ai martiri delle foibe","robots":{"index":"index","follow":"follow","max-snippet":"max-snippet:-1","max-image-preview":"max-image-preview:large","max-video-preview":"max-video-preview:-1"},"canonical":"https:\/\/nicolematteoni.it\/index.php\/2024\/02\/11\/matteoni-fdi-giorno-del-ricordo-ancora-una-volta-omerta-da-elly-schlein-e-giuseppe-conte\/","og_locale":"it_IT","og_type":"article","og_title":"Matteoni (FdI): Giorno del Ricordo, ancora una volta omert\u00e0 da Elly Schlein e Giuseppe Conte - Nicole Matteoni","og_description":"Ancora una volta la sinistra italiana rimane in silenzio davanti al Giorno del Ricordo, davanti ai martiri delle foibe","og_url":"https:\/\/nicolematteoni.it\/index.php\/2024\/02\/11\/matteoni-fdi-giorno-del-ricordo-ancora-una-volta-omerta-da-elly-schlein-e-giuseppe-conte\/","og_site_name":"Nicole Matteoni","article_publisher":"https:\/\/www.facebook.com\/nmatteoni","article_published_time":"2024-02-11T09:18:04+00:00","article_modified_time":"2024-03-20T15:58:45+00:00","og_image":[{"width":1024,"height":683,"url":"https:\/\/nicolematteoni.it\/wp-content\/uploads\/2024\/02\/triesteallnews-foiba-basovizza-febbraio-2020-4672.jpg","type":"image\/jpeg"}],"author":"Maria Beatrice Rizzo","twitter_card":"summary_large_image","twitter_misc":{"Scritto da":"Maria Beatrice Rizzo","Tempo di lettura stimato":"1 minuto"},"schema":{"@context":"https:\/\/schema.org","@graph":[{"@type":"Article","@id":"https:\/\/nicolematteoni.it\/index.php\/2024\/02\/11\/matteoni-fdi-giorno-del-ricordo-ancora-una-volta-omerta-da-elly-schlein-e-giuseppe-conte\/#article","isPartOf":{"@id":"https:\/\/nicolematteoni.it\/index.php\/2024\/02\/11\/matteoni-fdi-giorno-del-ricordo-ancora-una-volta-omerta-da-elly-schlein-e-giuseppe-conte\/"},"author":{"name":"Maria Beatrice Rizzo","@id":"https:\/\/nicolematteoni.it\/#\/schema\/person\/2afb5d3343dc6a8581e06bf07f710178"},"headline":"Matteoni (FdI): Giorno del Ricordo, ancora una volta omert\u00e0 da Elly Schlein e Giuseppe Conte","datePublished":"2024-02-11T09:18:04+00:00","dateModified":"2024-03-20T15:58:45+00:00","mainEntityOfPage":{"@id":"https:\/\/nicolematteoni.it\/index.php\/2024\/02\/11\/matteoni-fdi-giorno-del-ricordo-ancora-una-volta-omerta-da-elly-schlein-e-giuseppe-conte\/"},"wordCount":193,"publisher":{"@id":"https:\/\/nicolematteoni.it\/#\/schema\/person\/1720731d753b3bd9a8b2da07865f83ca"},"image":{"@id":"https:\/\/nicolematteoni.it\/index.php\/2024\/02\/11\/matteoni-fdi-giorno-del-ricordo-ancora-una-volta-omerta-da-elly-schlein-e-giuseppe-conte\/#primaryimage"},"thumbnailUrl":"https:\/\/nicolematteoni.it\/wp-content\/uploads\/2024\/02\/triesteallnews-foiba-basovizza-febbraio-2020-4672.jpg","keywords":["Elly Schlein","fratelli d'italia","giorno del ricordo","nicole matteoni"],"articleSection":["2024","Trieste"],"inLanguage":"it-IT"},{"@type":"WebPage","@id":"https:\/\/nicolematteoni.it\/index.php\/2024\/02\/11\/matteoni-fdi-giorno-del-ricordo-ancora-una-volta-omerta-da-elly-schlein-e-giuseppe-conte\/","url":"https:\/\/nicolematteoni.it\/index.php\/2024\/02\/11\/matteoni-fdi-giorno-del-ricordo-ancora-una-volta-omerta-da-elly-schlein-e-giuseppe-conte\/","name":"Matteoni (FdI): Giorno del Ricordo, ancora una volta omert\u00e0 da Elly Schlein e Giuseppe Conte - Nicole Matteoni","isPartOf":{"@id":"https:\/\/nicolematteoni.it\/#website"},"primaryImageOfPage":{"@id":"https:\/\/nicolematteoni.it\/index.php\/2024\/02\/11\/matteoni-fdi-giorno-del-ricordo-ancora-una-volta-omerta-da-elly-schlein-e-giuseppe-conte\/#primaryimage"},"image":{"@id":"https:\/\/nicolematteoni.it\/index.php\/2024\/02\/11\/matteoni-fdi-giorno-del-ricordo-ancora-una-volta-omerta-da-elly-schlein-e-giuseppe-conte\/#primaryimage"},"thumbnailUrl":"https:\/\/nicolematteoni.it\/wp-content\/uploads\/2024\/02\/triesteallnews-foiba-basovizza-febbraio-2020-4672.jpg","datePublished":"2024-02-11T09:18:04+00:00","dateModified":"2024-03-20T15:58:45+00:00","description":"Ancora una volta la sinistra italiana rimane in silenzio davanti al Giorno del Ricordo, davanti ai martiri delle foibe","breadcrumb":{"@id":"https:\/\/nicolematteoni.it\/index.php\/2024\/02\/11\/matteoni-fdi-giorno-del-ricordo-ancora-una-volta-omerta-da-elly-schlein-e-giuseppe-conte\/#breadcrumb"},"inLanguage":"it-IT","potentialAction":[{"@type":"ReadAction","target":["https:\/\/nicolematteoni.it\/index.php\/2024\/02\/11\/matteoni-fdi-giorno-del-ricordo-ancora-una-volta-omerta-da-elly-schlein-e-giuseppe-conte\/"]}]},{"@type":"ImageObject","inLanguage":"it-IT","@id":"https:\/\/nicolematteoni.it\/index.php\/2024\/02\/11\/matteoni-fdi-giorno-del-ricordo-ancora-una-volta-omerta-da-elly-schlein-e-giuseppe-conte\/#primaryimage","url":"https:\/\/nicolematteoni.it\/wp-content\/uploads\/2024\/02\/triesteallnews-foiba-basovizza-febbraio-2020-4672.jpg","contentUrl":"https:\/\/nicolematteoni.it\/wp-content\/uploads\/2024\/02\/triesteallnews-foiba-basovizza-febbraio-2020-4672.jpg","width":1024,"height":683},{"@type":"BreadcrumbList","@id":"https:\/\/nicolematteoni.it\/index.php\/2024\/02\/11\/matteoni-fdi-giorno-del-ricordo-ancora-una-volta-omerta-da-elly-schlein-e-giuseppe-conte\/#breadcrumb","itemListElement":[{"@type":"ListItem","position":1,"name":"Home","item":"https:\/\/nicolematteoni.it\/"},{"@type":"ListItem","position":2,"name":"Matteoni (FdI): Giorno del Ricordo, ancora una volta omert\u00e0 da Elly Schlein e Giuseppe Conte"}]},{"@type":"WebSite","@id":"https:\/\/nicolematteoni.it\/#website","url":"https:\/\/nicolematteoni.it\/","name":"Nicole Matteoni","description":"Assessore politiche della famiglia e dell&#039;educazione del Comune di Trieste","publisher":{"@id":"https:\/\/nicolematteoni.it\/#\/schema\/person\/1720731d753b3bd9a8b2da07865f83ca"},"potentialAction":[{"@type":"SearchAction","target":{"@type":"EntryPoint","urlTemplate":"https:\/\/nicolematteoni.it\/?s={search_term_string}"},"query-input":{"@type":"PropertyValueSpecification","valueRequired":true,"valueName":"search_term_string"}}],"inLanguage":"it-IT"},{"@type":["Person","Organization"],"@id":"https:\/\/nicolematteoni.it\/#\/schema\/person\/1720731d753b3bd9a8b2da07865f83ca","name":"Nicole Matteoni","image":{"@type":"ImageObject","inLanguage":"it-IT","@id":"https:\/\/nicolematteoni.it\/#\/schema\/person\/image\/","url":"https:\/\/nicolematteoni.it\/wp-content\/uploads\/2023\/05\/matteoni-avt.jpg","contentUrl":"https:\/\/nicolematteoni.it\/wp-content\/uploads\/2023\/05\/matteoni-avt.jpg","width":550,"height":550,"caption":"Nicole Matteoni"},"logo":{"@id":"https:\/\/nicolematteoni.it\/#\/schema\/person\/image\/"},"sameAs":["https:\/\/www.nicolematteoni.it","https:\/\/www.facebook.com\/nmatteoni","https:\/\/www.instagram.com\/nicole_matteoni_fdi\/","https:\/\/www.youtube.com\/channel\/UCkMnVzyM3AZbWraaOKCvWDQ"]},{"@type":"Person","@id":"https:\/\/nicolematteoni.it\/#\/schema\/person\/2afb5d3343dc6a8581e06bf07f710178","name":"Maria Beatrice Rizzo","image":{"@type":"ImageObject","inLanguage":"it-IT","@id":"https:\/\/nicolematteoni.it\/#\/schema\/person\/image\/","url":"https:\/\/secure.gravatar.com\/avatar\/f3d6c99c10a9f4120f83cad2f9ce0c56bd90b125fc68db9932241975c822235e?s=96&d=mm&r=g","contentUrl":"https:\/\/secure.gravatar.com\/avatar\/f3d6c99c10a9f4120f83cad2f9ce0c56bd90b125fc68db9932241975c822235e?s=96&d=mm&r=g","caption":"Maria Beatrice Rizzo"},"sameAs":["http:\/\/www.mediaimmagine.it"],"url":"https:\/\/nicolematteoni.it\/index.php\/author\/beatricerizzo\/"}]}},"_links":{"self":[{"href":"https:\/\/nicolematteoni.it\/index.php\/wp-json\/wp\/v2\/posts\/2840","targetHints":{"allow":["GET"]}}],"collection":[{"href":"https:\/\/nicolematteoni.it\/index.php\/wp-json\/wp\/v2\/posts"}],"about":[{"href":"https:\/\/nicolematteoni.it\/index.php\/wp-json\/wp\/v2\/types\/post"}],"author":[{"embeddable":true,"href":"https:\/\/nicolematteoni.it\/index.php\/wp-json\/wp\/v2\/users\/4"}],"replies":[{"embeddable":true,"href":"https:\/\/nicolematteoni.it\/index.php\/wp-json\/wp\/v2\/comments?post=2840"}],"version-history":[{"count":3,"href":"https:\/\/nicolematteoni.it\/index.php\/wp-json\/wp\/v2\/posts\/2840\/revisions"}],"predecessor-version":[{"id":2892,"href":"https:\/\/nicolematteoni.it\/index.php\/wp-json\/wp\/v2\/posts\/2840\/revisions\/2892"}],"wp:featuredmedia":[{"embeddable":true,"href":"https:\/\/nicolematteoni.it\/index.php\/wp-json\/wp\/v2\/media\/2841"}],"wp:attachment":[{"href":"https:\/\/nicolematteoni.it\/index.php\/wp-json\/wp\/v2\/media?parent=2840"}],"wp:term":[{"taxonomy":"category","embeddable":true,"href":"https:\/\/nicolematteoni.it\/index.php\/wp-json\/wp\/v2\/categories?post=2840"},{"taxonomy":"post_tag","embeddable":true,"href":"https:\/\/nicolematteoni.it\/index.php\/wp-json\/wp\/v2\/tags?post=2840"}],"curies":[{"name":"wp","href":"https:\/\/api.w.org\/{rel}","templated":true}]}}