{"id":1496,"date":"2023-03-17T16:05:11","date_gmt":"2023-03-17T14:05:11","guid":{"rendered":"https:\/\/nicolematteoni.it\/?p=1496"},"modified":"2023-04-20T15:55:26","modified_gmt":"2023-04-20T13:55:26","slug":"anniversario-unita-ditalia-matteoni-fdi-buon-compleanno-italia","status":"publish","type":"post","link":"https:\/\/nicolematteoni.it\/index.php\/2023\/03\/17\/anniversario-unita-ditalia-matteoni-fdi-buon-compleanno-italia\/","title":{"rendered":"Anniversario Unit\u00e0 d\u2019Italia, Matteoni (FdI) \u2018Buon compleanno Italia!\u2019"},"content":{"rendered":"<p>Con la legge n. 222 del 23 novembre 2012 il 17 marzo si celebra la \u201cGiornata dell\u2019unit\u00e0 nazionale, della Costituzione, dell\u2019Inno e della Bandiera\u201d. L\u2019obiettivo \u00e8 ricordare e promuovere i valori di cittadinanza e convivenza civile per riaffermare e consolidare l\u2019identit\u00e0 nazionale attraverso la memoria civica.<\/p>\n<p>\u201cIl 17 marzo non \u00e8 solo una data simbolica, ma un percorso di unit\u00e0 che ha reso grande la nostra Storia di Nazione e di Stato moderno.<\/p>\n<p>L\u2019emozione anche questa mattina, durante le celebrazioni con l\u2019alzabandiera, mi riportano alla mente le immagini di Trieste nel 1954, la mia citt\u00e0 che ha vissuto in prima linea per anni quella sottile ma profonda paura di non poter coronare il suo sogno di essere italiana. Una speranza e una volont\u00e0 che hanno fortificato tutti i nostri cittadini, rendendoci protagonisti di quella storia di libert\u00e0 e democrazia che per tradizioni, cultura e soprattutto identit\u00e0 \u00e8 stata legata ad un orgoglio e ad un percorso fatto di sacrifici e di grandi sofferenze.<\/p>\n<p>Buon Compleanno Italia!\u201d.<\/p>\n<p>Cos\u00ec commenta l\u2019On.\u00a0<strong>Nicole Matteoni<\/strong>, deputata triestina di\u00a0<strong>Fratelli d\u2019Italia<\/strong>\u00a0presente alla Commemorazione di questa mattina in Piazza Unit\u00e0 d\u2019Italia.<\/p>\n","protected":false},"excerpt":{"rendered":"<p>Con la legge n. 222 del 23 novembre 2012 il 17 marzo si celebra la \u201cGiornata dell\u2019unit\u00e0 nazionale, della Costituzione, dell\u2019Inno e della Bandiera\u201d. L\u2019obiettivo \u00e8 ricordare e promuovere i [&hellip;]<\/p>\n","protected":false},"author":1,"featured_media":1405,"comment_status":"closed","ping_status":"closed","sticky":false,"template":"","format":"standard","meta":{"footnotes":""},"categories":[54],"tags":[60,62,72],"class_list":["post-1496","post","type-post","status-publish","format-standard","has-post-thumbnail","hentry","category-matteoni-trieste","tag-fratelli-ditalia","tag-nicole-matteoni","tag-trieste"],"yoast_head":"<!-- This site is optimized with the Yoast SEO plugin v26.9 - https:\/\/yoast.com\/product\/yoast-seo-wordpress\/ -->\n<title>Anniversario Unit\u00e0 d\u2019Italia, Matteoni (FdI) \u2018Buon compleanno Italia!\u2019 - Nicole Matteoni<\/title>\n<meta name=\"robots\" content=\"index, follow, max-snippet:-1, max-image-preview:large, max-video-preview:-1\" \/>\n<link rel=\"canonical\" href=\"https:\/\/nicolematteoni.it\/index.php\/2023\/03\/17\/anniversario-unita-ditalia-matteoni-fdi-buon-compleanno-italia\/\" \/>\n<meta property=\"og:locale\" content=\"it_IT\" \/>\n<meta property=\"og:type\" content=\"article\" \/>\n<meta property=\"og:title\" content=\"Anniversario Unit\u00e0 d\u2019Italia, Matteoni (FdI) \u2018Buon compleanno Italia!\u2019 - Nicole Matteoni\" \/>\n<meta property=\"og:description\" content=\"Con la legge n. 222 del 23 novembre 2012 il 17 marzo si celebra la \u201cGiornata dell\u2019unit\u00e0 nazionale, della Costituzione, dell\u2019Inno e della Bandiera\u201d. L\u2019obiettivo \u00e8 ricordare e promuovere i [&hellip;]\" \/>\n<meta property=\"og:url\" content=\"https:\/\/nicolematteoni.it\/index.php\/2023\/03\/17\/anniversario-unita-ditalia-matteoni-fdi-buon-compleanno-italia\/\" \/>\n<meta property=\"og:site_name\" content=\"Nicole Matteoni\" \/>\n<meta property=\"article:publisher\" content=\"https:\/\/www.facebook.com\/nmatteoni\" \/>\n<meta property=\"article:published_time\" content=\"2023-03-17T14:05:11+00:00\" \/>\n<meta property=\"article:modified_time\" content=\"2023-04-20T13:55:26+00:00\" \/>\n<meta property=\"og:image\" content=\"https:\/\/nicolematteoni.it\/wp-content\/uploads\/2023\/04\/nicolematteoni-s0022.jpeg\" \/>\n\t<meta property=\"og:image:width\" content=\"866\" \/>\n\t<meta property=\"og:image:height\" content=\"866\" \/>\n\t<meta property=\"og:image:type\" content=\"image\/jpeg\" \/>\n<meta name=\"author\" content=\"admin\" \/>\n<meta name=\"twitter:card\" content=\"summary_large_image\" \/>\n<meta name=\"twitter:label1\" content=\"Scritto da\" \/>\n\t<meta name=\"twitter:data1\" content=\"admin\" \/>\n\t<meta name=\"twitter:label2\" content=\"Tempo di lettura stimato\" \/>\n\t<meta name=\"twitter:data2\" content=\"1 minuto\" \/>\n<script type=\"application\/ld+json\" class=\"yoast-schema-graph\">{\"@context\":\"https:\/\/schema.org\",\"@graph\":[{\"@type\":\"Article\",\"@id\":\"https:\/\/nicolematteoni.it\/index.php\/2023\/03\/17\/anniversario-unita-ditalia-matteoni-fdi-buon-compleanno-italia\/#article\",\"isPartOf\":{\"@id\":\"https:\/\/nicolematteoni.it\/index.php\/2023\/03\/17\/anniversario-unita-ditalia-matteoni-fdi-buon-compleanno-italia\/\"},\"author\":{\"name\":\"admin\",\"@id\":\"https:\/\/nicolematteoni.it\/#\/schema\/person\/00c1f6755351d6f0f0b21635af70e72d\"},\"headline\":\"Anniversario Unit\u00e0 d\u2019Italia, Matteoni (FdI) \u2018Buon compleanno Italia!\u2019\",\"datePublished\":\"2023-03-17T14:05:11+00:00\",\"dateModified\":\"2023-04-20T13:55:26+00:00\",\"mainEntityOfPage\":{\"@id\":\"https:\/\/nicolematteoni.it\/index.php\/2023\/03\/17\/anniversario-unita-ditalia-matteoni-fdi-buon-compleanno-italia\/\"},\"wordCount\":195,\"publisher\":{\"@id\":\"https:\/\/nicolematteoni.it\/#\/schema\/person\/1720731d753b3bd9a8b2da07865f83ca\"},\"image\":{\"@id\":\"https:\/\/nicolematteoni.it\/index.php\/2023\/03\/17\/anniversario-unita-ditalia-matteoni-fdi-buon-compleanno-italia\/#primaryimage\"},\"thumbnailUrl\":\"https:\/\/nicolematteoni.it\/wp-content\/uploads\/2023\/04\/nicolematteoni-s0022.jpeg\",\"keywords\":[\"fratelli d'italia\",\"nicole matteoni\",\"trieste\"],\"articleSection\":[\"Trieste\"],\"inLanguage\":\"it-IT\"},{\"@type\":\"WebPage\",\"@id\":\"https:\/\/nicolematteoni.it\/index.php\/2023\/03\/17\/anniversario-unita-ditalia-matteoni-fdi-buon-compleanno-italia\/\",\"url\":\"https:\/\/nicolematteoni.it\/index.php\/2023\/03\/17\/anniversario-unita-ditalia-matteoni-fdi-buon-compleanno-italia\/\",\"name\":\"Anniversario Unit\u00e0 d\u2019Italia, Matteoni (FdI) \u2018Buon compleanno Italia!\u2019 - Nicole Matteoni\",\"isPartOf\":{\"@id\":\"https:\/\/nicolematteoni.it\/#website\"},\"primaryImageOfPage\":{\"@id\":\"https:\/\/nicolematteoni.it\/index.php\/2023\/03\/17\/anniversario-unita-ditalia-matteoni-fdi-buon-compleanno-italia\/#primaryimage\"},\"image\":{\"@id\":\"https:\/\/nicolematteoni.it\/index.php\/2023\/03\/17\/anniversario-unita-ditalia-matteoni-fdi-buon-compleanno-italia\/#primaryimage\"},\"thumbnailUrl\":\"https:\/\/nicolematteoni.it\/wp-content\/uploads\/2023\/04\/nicolematteoni-s0022.jpeg\",\"datePublished\":\"2023-03-17T14:05:11+00:00\",\"dateModified\":\"2023-04-20T13:55:26+00:00\",\"breadcrumb\":{\"@id\":\"https:\/\/nicolematteoni.it\/index.php\/2023\/03\/17\/anniversario-unita-ditalia-matteoni-fdi-buon-compleanno-italia\/#breadcrumb\"},\"inLanguage\":\"it-IT\",\"potentialAction\":[{\"@type\":\"ReadAction\",\"target\":[\"https:\/\/nicolematteoni.it\/index.php\/2023\/03\/17\/anniversario-unita-ditalia-matteoni-fdi-buon-compleanno-italia\/\"]}]},{\"@type\":\"ImageObject\",\"inLanguage\":\"it-IT\",\"@id\":\"https:\/\/nicolematteoni.it\/index.php\/2023\/03\/17\/anniversario-unita-ditalia-matteoni-fdi-buon-compleanno-italia\/#primaryimage\",\"url\":\"https:\/\/nicolematteoni.it\/wp-content\/uploads\/2023\/04\/nicolematteoni-s0022.jpeg\",\"contentUrl\":\"https:\/\/nicolematteoni.it\/wp-content\/uploads\/2023\/04\/nicolematteoni-s0022.jpeg\",\"width\":866,\"height\":866},{\"@type\":\"BreadcrumbList\",\"@id\":\"https:\/\/nicolematteoni.it\/index.php\/2023\/03\/17\/anniversario-unita-ditalia-matteoni-fdi-buon-compleanno-italia\/#breadcrumb\",\"itemListElement\":[{\"@type\":\"ListItem\",\"position\":1,\"name\":\"Home\",\"item\":\"https:\/\/nicolematteoni.it\/\"},{\"@type\":\"ListItem\",\"position\":2,\"name\":\"Anniversario Unit\u00e0 d\u2019Italia, Matteoni (FdI) \u2018Buon compleanno Italia!\u2019\"}]},{\"@type\":\"WebSite\",\"@id\":\"https:\/\/nicolematteoni.it\/#website\",\"url\":\"https:\/\/nicolematteoni.it\/\",\"name\":\"Nicole Matteoni\",\"description\":\"Assessore politiche della famiglia e dell&#039;educazione del Comune di Trieste\",\"publisher\":{\"@id\":\"https:\/\/nicolematteoni.it\/#\/schema\/person\/1720731d753b3bd9a8b2da07865f83ca\"},\"potentialAction\":[{\"@type\":\"SearchAction\",\"target\":{\"@type\":\"EntryPoint\",\"urlTemplate\":\"https:\/\/nicolematteoni.it\/?s={search_term_string}\"},\"query-input\":{\"@type\":\"PropertyValueSpecification\",\"valueRequired\":true,\"valueName\":\"search_term_string\"}}],\"inLanguage\":\"it-IT\"},{\"@type\":[\"Person\",\"Organization\"],\"@id\":\"https:\/\/nicolematteoni.it\/#\/schema\/person\/1720731d753b3bd9a8b2da07865f83ca\",\"name\":\"Nicole Matteoni\",\"image\":{\"@type\":\"ImageObject\",\"inLanguage\":\"it-IT\",\"@id\":\"https:\/\/nicolematteoni.it\/#\/schema\/person\/image\/\",\"url\":\"https:\/\/nicolematteoni.it\/wp-content\/uploads\/2023\/05\/matteoni-avt.jpg\",\"contentUrl\":\"https:\/\/nicolematteoni.it\/wp-content\/uploads\/2023\/05\/matteoni-avt.jpg\",\"width\":550,\"height\":550,\"caption\":\"Nicole Matteoni\"},\"logo\":{\"@id\":\"https:\/\/nicolematteoni.it\/#\/schema\/person\/image\/\"},\"sameAs\":[\"https:\/\/www.nicolematteoni.it\",\"https:\/\/www.facebook.com\/nmatteoni\",\"https:\/\/www.instagram.com\/nicole_matteoni_fdi\/\",\"https:\/\/www.youtube.com\/channel\/UCkMnVzyM3AZbWraaOKCvWDQ\"]},{\"@type\":\"Person\",\"@id\":\"https:\/\/nicolematteoni.it\/#\/schema\/person\/00c1f6755351d6f0f0b21635af70e72d\",\"name\":\"admin\",\"image\":{\"@type\":\"ImageObject\",\"inLanguage\":\"it-IT\",\"@id\":\"https:\/\/nicolematteoni.it\/#\/schema\/person\/image\/\",\"url\":\"https:\/\/secure.gravatar.com\/avatar\/972bd472b72a00fbee6b599a11f2b6891f4deca213e900fee85465e7672cefd8?s=96&d=mm&r=g\",\"contentUrl\":\"https:\/\/secure.gravatar.com\/avatar\/972bd472b72a00fbee6b599a11f2b6891f4deca213e900fee85465e7672cefd8?s=96&d=mm&r=g\",\"caption\":\"admin\"},\"sameAs\":[\"https:\/\/nicolematteoni.it\"],\"url\":\"https:\/\/nicolematteoni.it\/index.php\/author\/frontoffice_ezo69jju\/\"}]}<\/script>\n<!-- \/ Yoast SEO plugin. -->","yoast_head_json":{"title":"Anniversario Unit\u00e0 d\u2019Italia, Matteoni (FdI) \u2018Buon compleanno Italia!\u2019 - Nicole Matteoni","robots":{"index":"index","follow":"follow","max-snippet":"max-snippet:-1","max-image-preview":"max-image-preview:large","max-video-preview":"max-video-preview:-1"},"canonical":"https:\/\/nicolematteoni.it\/index.php\/2023\/03\/17\/anniversario-unita-ditalia-matteoni-fdi-buon-compleanno-italia\/","og_locale":"it_IT","og_type":"article","og_title":"Anniversario Unit\u00e0 d\u2019Italia, Matteoni (FdI) \u2018Buon compleanno Italia!\u2019 - Nicole Matteoni","og_description":"Con la legge n. 222 del 23 novembre 2012 il 17 marzo si celebra la \u201cGiornata dell\u2019unit\u00e0 nazionale, della Costituzione, dell\u2019Inno e della Bandiera\u201d. L\u2019obiettivo \u00e8 ricordare e promuovere i [&hellip;]","og_url":"https:\/\/nicolematteoni.it\/index.php\/2023\/03\/17\/anniversario-unita-ditalia-matteoni-fdi-buon-compleanno-italia\/","og_site_name":"Nicole Matteoni","article_publisher":"https:\/\/www.facebook.com\/nmatteoni","article_published_time":"2023-03-17T14:05:11+00:00","article_modified_time":"2023-04-20T13:55:26+00:00","og_image":[{"width":866,"height":866,"url":"https:\/\/nicolematteoni.it\/wp-content\/uploads\/2023\/04\/nicolematteoni-s0022.jpeg","type":"image\/jpeg"}],"author":"admin","twitter_card":"summary_large_image","twitter_misc":{"Scritto da":"admin","Tempo di lettura stimato":"1 minuto"},"schema":{"@context":"https:\/\/schema.org","@graph":[{"@type":"Article","@id":"https:\/\/nicolematteoni.it\/index.php\/2023\/03\/17\/anniversario-unita-ditalia-matteoni-fdi-buon-compleanno-italia\/#article","isPartOf":{"@id":"https:\/\/nicolematteoni.it\/index.php\/2023\/03\/17\/anniversario-unita-ditalia-matteoni-fdi-buon-compleanno-italia\/"},"author":{"name":"admin","@id":"https:\/\/nicolematteoni.it\/#\/schema\/person\/00c1f6755351d6f0f0b21635af70e72d"},"headline":"Anniversario Unit\u00e0 d\u2019Italia, Matteoni (FdI) \u2018Buon compleanno Italia!\u2019","datePublished":"2023-03-17T14:05:11+00:00","dateModified":"2023-04-20T13:55:26+00:00","mainEntityOfPage":{"@id":"https:\/\/nicolematteoni.it\/index.php\/2023\/03\/17\/anniversario-unita-ditalia-matteoni-fdi-buon-compleanno-italia\/"},"wordCount":195,"publisher":{"@id":"https:\/\/nicolematteoni.it\/#\/schema\/person\/1720731d753b3bd9a8b2da07865f83ca"},"image":{"@id":"https:\/\/nicolematteoni.it\/index.php\/2023\/03\/17\/anniversario-unita-ditalia-matteoni-fdi-buon-compleanno-italia\/#primaryimage"},"thumbnailUrl":"https:\/\/nicolematteoni.it\/wp-content\/uploads\/2023\/04\/nicolematteoni-s0022.jpeg","keywords":["fratelli d'italia","nicole matteoni","trieste"],"articleSection":["Trieste"],"inLanguage":"it-IT"},{"@type":"WebPage","@id":"https:\/\/nicolematteoni.it\/index.php\/2023\/03\/17\/anniversario-unita-ditalia-matteoni-fdi-buon-compleanno-italia\/","url":"https:\/\/nicolematteoni.it\/index.php\/2023\/03\/17\/anniversario-unita-ditalia-matteoni-fdi-buon-compleanno-italia\/","name":"Anniversario Unit\u00e0 d\u2019Italia, Matteoni (FdI) \u2018Buon compleanno Italia!\u2019 - Nicole Matteoni","isPartOf":{"@id":"https:\/\/nicolematteoni.it\/#website"},"primaryImageOfPage":{"@id":"https:\/\/nicolematteoni.it\/index.php\/2023\/03\/17\/anniversario-unita-ditalia-matteoni-fdi-buon-compleanno-italia\/#primaryimage"},"image":{"@id":"https:\/\/nicolematteoni.it\/index.php\/2023\/03\/17\/anniversario-unita-ditalia-matteoni-fdi-buon-compleanno-italia\/#primaryimage"},"thumbnailUrl":"https:\/\/nicolematteoni.it\/wp-content\/uploads\/2023\/04\/nicolematteoni-s0022.jpeg","datePublished":"2023-03-17T14:05:11+00:00","dateModified":"2023-04-20T13:55:26+00:00","breadcrumb":{"@id":"https:\/\/nicolematteoni.it\/index.php\/2023\/03\/17\/anniversario-unita-ditalia-matteoni-fdi-buon-compleanno-italia\/#breadcrumb"},"inLanguage":"it-IT","potentialAction":[{"@type":"ReadAction","target":["https:\/\/nicolematteoni.it\/index.php\/2023\/03\/17\/anniversario-unita-ditalia-matteoni-fdi-buon-compleanno-italia\/"]}]},{"@type":"ImageObject","inLanguage":"it-IT","@id":"https:\/\/nicolematteoni.it\/index.php\/2023\/03\/17\/anniversario-unita-ditalia-matteoni-fdi-buon-compleanno-italia\/#primaryimage","url":"https:\/\/nicolematteoni.it\/wp-content\/uploads\/2023\/04\/nicolematteoni-s0022.jpeg","contentUrl":"https:\/\/nicolematteoni.it\/wp-content\/uploads\/2023\/04\/nicolematteoni-s0022.jpeg","width":866,"height":866},{"@type":"BreadcrumbList","@id":"https:\/\/nicolematteoni.it\/index.php\/2023\/03\/17\/anniversario-unita-ditalia-matteoni-fdi-buon-compleanno-italia\/#breadcrumb","itemListElement":[{"@type":"ListItem","position":1,"name":"Home","item":"https:\/\/nicolematteoni.it\/"},{"@type":"ListItem","position":2,"name":"Anniversario Unit\u00e0 d\u2019Italia, Matteoni (FdI) \u2018Buon compleanno Italia!\u2019"}]},{"@type":"WebSite","@id":"https:\/\/nicolematteoni.it\/#website","url":"https:\/\/nicolematteoni.it\/","name":"Nicole Matteoni","description":"Assessore politiche della famiglia e dell&#039;educazione del Comune di Trieste","publisher":{"@id":"https:\/\/nicolematteoni.it\/#\/schema\/person\/1720731d753b3bd9a8b2da07865f83ca"},"potentialAction":[{"@type":"SearchAction","target":{"@type":"EntryPoint","urlTemplate":"https:\/\/nicolematteoni.it\/?s={search_term_string}"},"query-input":{"@type":"PropertyValueSpecification","valueRequired":true,"valueName":"search_term_string"}}],"inLanguage":"it-IT"},{"@type":["Person","Organization"],"@id":"https:\/\/nicolematteoni.it\/#\/schema\/person\/1720731d753b3bd9a8b2da07865f83ca","name":"Nicole Matteoni","image":{"@type":"ImageObject","inLanguage":"it-IT","@id":"https:\/\/nicolematteoni.it\/#\/schema\/person\/image\/","url":"https:\/\/nicolematteoni.it\/wp-content\/uploads\/2023\/05\/matteoni-avt.jpg","contentUrl":"https:\/\/nicolematteoni.it\/wp-content\/uploads\/2023\/05\/matteoni-avt.jpg","width":550,"height":550,"caption":"Nicole Matteoni"},"logo":{"@id":"https:\/\/nicolematteoni.it\/#\/schema\/person\/image\/"},"sameAs":["https:\/\/www.nicolematteoni.it","https:\/\/www.facebook.com\/nmatteoni","https:\/\/www.instagram.com\/nicole_matteoni_fdi\/","https:\/\/www.youtube.com\/channel\/UCkMnVzyM3AZbWraaOKCvWDQ"]},{"@type":"Person","@id":"https:\/\/nicolematteoni.it\/#\/schema\/person\/00c1f6755351d6f0f0b21635af70e72d","name":"admin","image":{"@type":"ImageObject","inLanguage":"it-IT","@id":"https:\/\/nicolematteoni.it\/#\/schema\/person\/image\/","url":"https:\/\/secure.gravatar.com\/avatar\/972bd472b72a00fbee6b599a11f2b6891f4deca213e900fee85465e7672cefd8?s=96&d=mm&r=g","contentUrl":"https:\/\/secure.gravatar.com\/avatar\/972bd472b72a00fbee6b599a11f2b6891f4deca213e900fee85465e7672cefd8?s=96&d=mm&r=g","caption":"admin"},"sameAs":["https:\/\/nicolematteoni.it"],"url":"https:\/\/nicolematteoni.it\/index.php\/author\/frontoffice_ezo69jju\/"}]}},"_links":{"self":[{"href":"https:\/\/nicolematteoni.it\/index.php\/wp-json\/wp\/v2\/posts\/1496","targetHints":{"allow":["GET"]}}],"collection":[{"href":"https:\/\/nicolematteoni.it\/index.php\/wp-json\/wp\/v2\/posts"}],"about":[{"href":"https:\/\/nicolematteoni.it\/index.php\/wp-json\/wp\/v2\/types\/post"}],"author":[{"embeddable":true,"href":"https:\/\/nicolematteoni.it\/index.php\/wp-json\/wp\/v2\/users\/1"}],"replies":[{"embeddable":true,"href":"https:\/\/nicolematteoni.it\/index.php\/wp-json\/wp\/v2\/comments?post=1496"}],"version-history":[{"count":2,"href":"https:\/\/nicolematteoni.it\/index.php\/wp-json\/wp\/v2\/posts\/1496\/revisions"}],"predecessor-version":[{"id":1925,"href":"https:\/\/nicolematteoni.it\/index.php\/wp-json\/wp\/v2\/posts\/1496\/revisions\/1925"}],"wp:featuredmedia":[{"embeddable":true,"href":"https:\/\/nicolematteoni.it\/index.php\/wp-json\/wp\/v2\/media\/1405"}],"wp:attachment":[{"href":"https:\/\/nicolematteoni.it\/index.php\/wp-json\/wp\/v2\/media?parent=1496"}],"wp:term":[{"taxonomy":"category","embeddable":true,"href":"https:\/\/nicolematteoni.it\/index.php\/wp-json\/wp\/v2\/categories?post=1496"},{"taxonomy":"post_tag","embeddable":true,"href":"https:\/\/nicolematteoni.it\/index.php\/wp-json\/wp\/v2\/tags?post=1496"}],"curies":[{"name":"wp","href":"https:\/\/api.w.org\/{rel}","templated":true}]}}